[{"@context":"https:\/\/schema.org\/","@type":"Article","@id":"https:\/\/www.abpd.cz\/bydlite-v-panelaku\/#Article","mainEntityOfPage":"https:\/\/www.abpd.cz\/bydlite-v-panelaku\/","headline":"Bydl\u00edte v panel\u00e1ku?","name":"Bydl\u00edte v panel\u00e1ku?","description":"Bytov\u00e9 domy se u n\u00e1s stav\u00ed u\u017e spoustu let. Ka\u017ed\u00fd takov\u00fd d\u016fm m\u00e1 n\u011bkolik byt\u016f, a ty maj\u00ed spole\u010dn\u00e9 prostory pro v\u0161echny byty. Mezi spole\u010dn\u00e9 prostory pat\u0159\u00ed schodi\u0161t\u011b, chodby, v\u00fdtahy, ale tak\u00e9 sklepy \u010di ko\u010d\u00e1rk\u00e1rny. I modern\u00ed bytovky maj\u00ed takov\u00e9... ","datePublished":"2023-09-20","dateModified":"2023-10-26","author":{"@type":"Person","@id":"https:\/\/www.abpd.cz\/author\/devene\/#Person","name":"devene","url":"https:\/\/www.abpd.cz\/author\/devene\/","identifier":1,"image":{"@type":"ImageObject","@id":"https:\/\/secure.gravatar.com\/avatar\/75822ebcb33f26a58f54da5d813b950f2ea435f36540e293975e215a51d4a023?s=96&d=mm&r=g","url":"https:\/\/secure.gravatar.com\/avatar\/75822ebcb33f26a58f54da5d813b950f2ea435f36540e293975e215a51d4a023?s=96&d=mm&r=g","height":96,"width":96}},"publisher":{"@type":"Organization","name":"abpd.cz","logo":{"@type":"ImageObject","@id":"\/logo.png","url":"\/logo.png","width":600,"height":60}},"image":{"@type":"ImageObject","@id":"https:\/\/www.abpd.cz\/wp-content\/uploads\/cleaning-4098410_640_10_5.jpg","url":"https:\/\/www.abpd.cz\/wp-content\/uploads\/cleaning-4098410_640_10_5.jpg","height":0,"width":0},"url":"https:\/\/www.abpd.cz\/bydlite-v-panelaku\/","about":["Firmy"],"wordCount":419,"articleBody":"       Bytov\u00e9 domy se u n\u00e1s stav\u00ed u\u017e spoustu let. Ka\u017ed\u00fd takov\u00fd d\u016fm m\u00e1 n\u011bkolik byt\u016f, a ty maj\u00ed spole\u010dn\u00e9 prostory pro v\u0161echny byty. Mezi spole\u010dn\u00e9 prostory pat\u0159\u00ed schodi\u0161t\u011b, chodby, v\u00fdtahy, ale tak\u00e9 sklepy \u010di ko\u010d\u00e1rk\u00e1rny. I modern\u00ed bytovky maj\u00ed takov\u00e9 prostory, kter\u00e9 mohou lidem \u017eij\u00edc\u00edm v dom\u011b usnadnit \u017eivot. T\u0159eba takov\u00e1 ko\u010d\u00e1rk\u00e1rna je hodn\u011b vyu\u017e\u00edvan\u00e1 i dnes, proto\u017ee mnoho bytov\u00fdch dom\u016f st\u00e1le nem\u00e1 v\u00fdtah, a tahat ko\u010d\u00e1rek s d\u00edt\u011btem do vy\u0161\u0161\u00edch pater nen\u00ed \u017e\u00e1dn\u00fd med. Takto maj\u00ed rodi\u010de mo\u017enost ko\u010d\u00e1rek ulo\u017eit ve spole\u010dn\u00fdch prostor\u00e1ch.Probl\u00e9m nast\u00e1v\u00e1 v p\u0159\u00edpad\u011b, kdy se maj\u00ed spole\u010dn\u00e9 prostory ukl\u00edzet. V\u0161ichni v dom\u011b je vyu\u017evaj\u00ed v\u011bt\u0161\u00ed \u010di men\u0161\u00ed m\u011brou. U\u017e od po\u010d\u00e1tku bytov\u00e9ho bydlen\u00ed bylo b\u011b\u017en\u00e9, \u017ee se jednotliv\u00e9 byty st\u0159\u00eddaly v \u00faklidu. V ka\u017ed\u00e9m pat\u0159e je n\u011bkolik byt\u016f, a postupn\u011b se vyst\u0159\u00eddaly v\u0161echny byty v dom\u011b. Ka\u017ed\u00fd zametl a vyt\u0159el v\u0161e co bylo pot\u0159eba. Tak je to logick\u00e9, \u017ee se budou na \u00faklidu pod\u00edlet v\u0161ichni, jeliko\u017e prostory vyu\u017e\u00edvaj\u00ed. Ale jsou samoz\u0159ejm\u011b lid\u00e9, kter\u00fdm se nic ukl\u00edzet nechce.Nebylo by spravedliv\u00e9, aby n\u011bkter\u00e9 byty neukl\u00edzely v\u016fbec, a n\u011bkter\u00e9 v\u00edce. Proto si n\u00e1jemn\u00edci i majitel\u00e9 byt\u016f \u010dasto kladou ot\u00e1zku jak efektivn\u011b na \u00faklid spole\u010dn\u00fdch prostor bytov\u00fdch dom\u016f? Je na ni pom\u011brn\u011b jednoduch\u00e1 odpov\u011b\u010f. V dne\u0161n\u00ed dob\u011b v ka\u017ed\u00e9m m\u011bst\u011b existuje n\u011bkolik \u00faklidov\u00fdch firem, jejich\u017e slu\u017eby m\u016f\u017eete vyu\u017e\u00edt nejen pro svou pot\u0159ebu, ale samoz\u0159ejm\u011b i pro pot\u0159eby \u00faklidu chodeb a schodi\u0161\u0165. V takov\u00e9m p\u0159\u00edpad\u011b se sjedn\u00e1 rozsah \u00faklidov\u00fdch prac\u00ed s pot\u0159ebnou \u010detnost\u00ed, a je po probl\u00e9mu.Pro\u010d vyu\u017e\u00edt \u00faklidovou firmu? \u00daklidov\u00e1 firma m\u016f\u017ee spole\u010dn\u00e9 prostory domu ukl\u00edzet ka\u017ed\u00fd t\u00fdden podle po\u010das\u00ed. B\u011bhem de\u0161\u0165\u016f a v zim\u011b b\u00fdv\u00e1 \u010detnost \u00faklid\u016f vy\u0161\u0161\u00ed. Objednejte si \u00faklid spole\u010dn\u00fdch prostor i do va\u0161eho domu, u\u0161et\u0159\u00edte si t\u00edm spoustu h\u00e1dek a starost\u00ed s lidmi, kte\u0159\u00ed prost\u011b ukl\u00edzet nebudou. Objedn\u00e1vejte ale rychle, proto\u017ee o tyto slu\u017eby roste z\u00e1jem na podzim, kdy si lid\u00e9 objedn\u00e1vaj\u00ed \u00faklidov\u00e9 pr\u00e1ce na V\u00e1noce.                                                                                                                                                                                                                                                                                                                                                                                          4.2\/5 - (13 votes)        "},{"@context":"https:\/\/schema.org\/","@type":"BreadcrumbList","itemListElement":[{"@type":"ListItem","position":1,"name":"Bydl\u00edte v panel\u00e1ku?","item":"https:\/\/www.abpd.cz\/bydlite-v-panelaku\/#breadcrumbitem"}]}]