[{"@context":"https:\/\/schema.org\/","@type":"Article","@id":"https:\/\/www.abpd.cz\/je-dnesni-spolecnost-tolerantnejsi\/#Article","mainEntityOfPage":"https:\/\/www.abpd.cz\/je-dnesni-spolecnost-tolerantnejsi\/","headline":"Je dne\u0161n\u00ed spole\u010dnost tolerantn\u011bj\u0161\u00ed?","name":"Je dne\u0161n\u00ed spole\u010dnost tolerantn\u011bj\u0161\u00ed?","description":"Jedn\u00edm z\u00a0velk\u00fdch hesel dne\u0161n\u00ed doby je tolerance. Mnoh\u00e9 propaga\u010dn\u00ed materi\u00e1ly n\u00e1s o tom neust\u00e1le p\u0159esv\u011bd\u010duj\u00ed, politici na tom stav\u00ed svou kampa\u0148. Je v\u0161ak ot\u00e1zkou, zda se na\u0161e spole\u010dnost skute\u010dn\u011b tak zm\u011bnila, nebo zda je to jen zd\u00e1n\u00ed. Je pravdou, \u017ee... ","datePublished":"2024-09-27","dateModified":"2024-09-27","author":{"@type":"Person","@id":"https:\/\/www.abpd.cz\/author\/devene\/#Person","name":"devene","url":"https:\/\/www.abpd.cz\/author\/devene\/","identifier":1,"image":{"@type":"ImageObject","@id":"https:\/\/secure.gravatar.com\/avatar\/75822ebcb33f26a58f54da5d813b950f2ea435f36540e293975e215a51d4a023?s=96&d=mm&r=g","url":"https:\/\/secure.gravatar.com\/avatar\/75822ebcb33f26a58f54da5d813b950f2ea435f36540e293975e215a51d4a023?s=96&d=mm&r=g","height":96,"width":96}},"publisher":{"@type":"Organization","name":"abpd.cz","logo":{"@type":"ImageObject","@id":"\/logo.png","url":"\/logo.png","width":600,"height":60}},"image":{"@type":"ImageObject","@id":"https:\/\/www.abpd.cz\/wp-content\/uploads\/spolecnost4_10.jpg","url":"https:\/\/www.abpd.cz\/wp-content\/uploads\/spolecnost4_10.jpg","height":0,"width":0},"url":"https:\/\/www.abpd.cz\/je-dnesni-spolecnost-tolerantnejsi\/","about":["Spole\u010dnost"],"wordCount":437,"articleBody":"Jedn\u00edm z\u00a0velk\u00fdch hesel dne\u0161n\u00ed doby je tolerance. Mnoh\u00e9 propaga\u010dn\u00ed materi\u00e1ly n\u00e1s o tom neust\u00e1le p\u0159esv\u011bd\u010duj\u00ed, politici na tom stav\u00ed svou kampa\u0148. Je v\u0161ak ot\u00e1zkou, zda se na\u0161e spole\u010dnost skute\u010dn\u011b tak zm\u011bnila, nebo zda je to jen zd\u00e1n\u00ed. Je pravdou, \u017ee zvl\u00e1\u0161t\u011b men\u0161iny maj\u00ed dnes mnohem v\u00edce pr\u00e1v, ne\u017e tomu bylo v\u00a0minulosti, a to jde i o v\u011bci, kter\u00e9 se n\u00e1m dnes zdaj\u00ed samoz\u0159ejm\u00e9, jako nap\u0159\u00edklad volebn\u00ed pr\u00e1vo \u017een.\u00a0To je mnohem m\u00e9n\u011b historick\u00e9 t\u00e9ma, ne\u017e by se n\u00e1m mohlo zd\u00e1t. Rokem, kdy bylo d\u00e1no \u017een\u00e1m pr\u00e1vo volit v\u00a0cel\u00e9 Evrop\u011b, byla toti\u017e osmdes\u00e1t\u00e1 l\u00e9ta. A to rozhodn\u011b tak d\u00e1vno, jak by se mohlo zd\u00e1t. Nav\u00edc nen\u00ed ani tak pevn\u011b zakotveno \u2013 jsou zem\u011b, a to i ty, kter\u00e9 pova\u017eujeme za vysp\u011bl\u00e9, kter\u00e9 v\u00e1\u017en\u011b uva\u017euj\u00ed o tom, \u017ee jim toto pr\u00e1vo odeberou.\u00a0\u00a0Pak jsou zde samoz\u0159ejm\u011b ostatn\u00ed men\u0161iny. O osudu nap\u0159\u00edklad \u010dern\u00e9 populace v\u00a0USA by se daly ps\u00e1t rom\u00e1ny, a jej\u00ed n\u00e1sledky vid\u00edme je\u0161t\u011b dnes. A vzhledem k\u00a0dne\u0161n\u00edmu sm\u011b\u0159ov\u00e1n\u00ed politiky to vypad\u00e1, \u017ee se situace v\u00a0nejbli\u017e\u0161\u00ed dob\u011b nezlep\u0161\u00ed. Je pak ot\u00e1zkou, zda bychom s\u00a0t\u00edm nem\u011bli n\u011bco d\u011blat.\u00a0Samoz\u0159ejm\u011b bychom se mohli myslet, \u017ee u n\u00e1s se n\u011bco takov\u00e9ho ned\u011bje, av\u0161ak nen\u00ed to pravda. To ostatn\u011b m\u016f\u017eeme vid\u011bt, kdy\u017e \u017e\u00e1d\u00e1me o jakoukoliv pr\u00e1ci. Bez ohledu na kvalifikaci maj\u00ed na v\u011bt\u0161in\u011b pozic mlad\u00ed b\u00edl\u00ed mu\u017ei. N\u00e1sleduj\u00ed \u017eeny. \u00a0\u00a0U t\u011bch \u010dasto b\u00fdv\u00e1 probl\u00e9m v\u00a0tom, \u017ee maj\u00ed d\u011bti, p\u0159\u00edpadn\u011b je zde \u0161ance, \u017ee je budou m\u00edt, a to je n\u011bco, co zam\u011bstnavatele odrazuje. Nehled\u011b na fakt, \u017ee i dnes je od nich o\u010dek\u00e1v\u00e1no, \u017ee v\u00a0podstat\u011b povedou dom\u00e1cnost a zastanou v\u011bt\u0161inu dom\u00e1c\u00edch prac\u00ed.\u00a0N\u00e1sledn\u011b maj\u00ed \u0161anci lid\u00e9 jin\u00e9 barvy pleti. Proti t\u011bm existuj\u00ed mnoh\u00e9 p\u0159edsudky, n\u011bkdy opr\u00e1vn\u011bn\u00e9, jindy nikoliv. Ov\u0161em vzhledem k\u00a0tomu, \u017ee lid\u00e9 se k\u00a0lidem \u010dasto chovaj\u00ed podle toho, co od nich na z\u00e1kladn\u011b vn\u011bj\u0161\u00edch znak\u016f (pohlav\u00ed, barva plet\u00ed), je jasn\u00e9, \u017ee se tito budou tak\u00e9 takto chovat zp\u011bt. To je n\u011bco, co si v\u011bt\u0161ina lid\u00ed, a\u0165 u\u017e z\u00a0kter\u00e9koliv strany t\u00e1bora, neuv\u011bdomuje.                                                                                                                                                                                                                                                                                                                                                                                        3.9\/5 - (10 votes)        "},{"@context":"https:\/\/schema.org\/","@type":"BreadcrumbList","itemListElement":[{"@type":"ListItem","position":1,"name":"Je dne\u0161n\u00ed spole\u010dnost tolerantn\u011bj\u0161\u00ed?","item":"https:\/\/www.abpd.cz\/je-dnesni-spolecnost-tolerantnejsi\/#breadcrumbitem"}]}]