[{"@context":"https:\/\/schema.org\/","@type":"Article","@id":"https:\/\/www.abpd.cz\/kam-smerujeme\/#Article","mainEntityOfPage":"https:\/\/www.abpd.cz\/kam-smerujeme\/","headline":"Kam sm\u011b\u0159ujeme?","name":"Kam sm\u011b\u0159ujeme?","description":"B\u00fdt sou\u010d\u00e1st\u00ed modern\u00ed spole\u010dnosti nen\u00ed v\u016fbec snadn\u00e9. N\u011bkte\u0159\u00ed lid\u00e9 argumentuj\u00ed t\u00edm, \u017ee d\u0159\u00edve se m\u011bli lid\u00e9 mnohem h\u016f\u0159e. Pravda to je i nen\u00ed. Na\u0161i p\u0159edci nem\u011bli takov\u00e9 technick\u00e9 vymo\u017eenosti a mo\u017enosti celkov\u011b jako m\u00e1me my dnes. Jen si vzpome\u0148te &#8211;... ","datePublished":"2023-02-27","dateModified":"2023-04-27","author":{"@type":"Person","@id":"https:\/\/www.abpd.cz\/author\/devene\/#Person","name":"devene","url":"https:\/\/www.abpd.cz\/author\/devene\/","identifier":1,"image":{"@type":"ImageObject","@id":"https:\/\/secure.gravatar.com\/avatar\/75822ebcb33f26a58f54da5d813b950f2ea435f36540e293975e215a51d4a023?s=96&d=mm&r=g","url":"https:\/\/secure.gravatar.com\/avatar\/75822ebcb33f26a58f54da5d813b950f2ea435f36540e293975e215a51d4a023?s=96&d=mm&r=g","height":96,"width":96}},"publisher":{"@type":"Organization","name":"abpd.cz","logo":{"@type":"ImageObject","@id":"\/logo.png","url":"\/logo.png","width":600,"height":60}},"image":{"@type":"ImageObject","@id":"https:\/\/www.abpd.cz\/wp-content\/uploads\/brexit-g6bafbe2f4_640.jpg","url":"https:\/\/www.abpd.cz\/wp-content\/uploads\/brexit-g6bafbe2f4_640.jpg","height":0,"width":0},"url":"https:\/\/www.abpd.cz\/kam-smerujeme\/","about":["Spole\u010dnost"],"wordCount":429,"articleBody":"B\u00fdt sou\u010d\u00e1st\u00ed modern\u00ed spole\u010dnosti nen\u00ed v\u016fbec snadn\u00e9. N\u011bkte\u0159\u00ed lid\u00e9 argumentuj\u00ed t\u00edm, \u017ee d\u0159\u00edve se m\u011bli lid\u00e9 mnohem h\u016f\u0159e. Pravda to je i nen\u00ed. Na\u0161i p\u0159edci nem\u011bli takov\u00e9 technick\u00e9 vymo\u017eenosti a mo\u017enosti celkov\u011b jako m\u00e1me my dnes. Jen si vzpome\u0148te &#8211; jak\u00e1 byla l\u00e9ka\u0159sk\u00e1 p\u00e9\u010de, finan\u010dn\u00ed zaji\u0161t\u011bn\u00ed, mo\u017enosti bydlen\u00ed, ale i z\u00e1kladn\u00ed pr\u00e1va? Cel\u00e1 spole\u010dnost logicky a nevyhnuteln\u011b proch\u00e1z\u00ed v\u00fdvojem. D\u0159\u00edve \u017eeny nesm\u011bly studovat ani volit, a dnes je to pro n\u00e1s zcela b\u011b\u017en\u00e1 v\u011bc. \u017deny rodily n\u011bkolik d\u011bt\u00ed z nich\u017e se v\u011bt\u0161inou dosp\u011blosti do\u017eily jen n\u011bkter\u00e9.Dnes m\u00e1me vysokou \u00farove\u0148 l\u00e9ka\u0159sk\u00e9 p\u00e9\u010de, m\u016f\u017eeme studovat, cestovat, jezdit autem, ka\u017ed\u00fd m\u016f\u017ee m\u00edt sv\u016fj d\u016fm, zkr\u00e1tka na\u0161e mo\u017enosti jsou daleko lep\u0161\u00ed ne\u017e m\u011bli na\u0161i p\u0159edci. M\u016f\u017eeme si dosyta u\u017e\u00edvat v\u00fddobytky modern\u00ed spole\u010dnosti, ale ot\u00e1zka je za jakou cenu. Je\u0161t\u011b na\u0161i prarodi\u010de za\u017eili dobu kdy byl jen jeden n\u00e1zor, lid\u00e9 s jin\u00fdm politick\u00fdm n\u00e1zorem byli perzekuov\u00e1ni, souzeni, nesm\u011bli studovat, zkr\u00e1tka nebylo moc o co v t\u00e9to oblasti st\u00e1t. A zd\u00e1 se \u017ee sm\u011b\u0159ujeme zase zp\u00e1tky. U\u017e nyn\u00ed jsou souzeni lid\u00e9 za sv\u00e9 n\u00e1zory. Ano samoz\u0159ejm\u011b i to co \u0159ekneme a p\u00ed\u0161eme mus\u00ed b\u00fdt v z\u00e1konn\u00e9 norm\u011b, nap\u0159\u00edklad veleben\u00ed nacismu nen\u00ed v po\u0159\u00e1dku. Ale soudit n\u011bkoho za odli\u0161n\u00fd n\u00e1zor?Dal\u0161\u00edm probl\u00e9mem je EU. P\u0159i vstupu n\u00e1m bylo slibov\u00e1no jak budeme ekonomicky na v\u00fd\u0161i a v\u0161ichni se budou m\u00edt skv\u011ble. Bohu\u017eel jen o p\u00e1r hlas\u016f v referendu ob\u010dan\u00e9 vyj\u00e1d\u0159ili touhu st\u00e1t se jej\u00edm \u010dlenem. Jen\u017ee posledn\u00ed roky to sp\u00ed\u0161 vypad\u00e1, jako by se N\u011bmecko a Francie &#8211; j\u00e1dro EU &#8211; sna\u017eili Evropu sv\u00fdmi nesmysln\u00fdmi z\u00e1kazy a na\u0159\u00edzen\u00edmi sp\u00ed\u0161e ekonomicky zavra\u017edit. Velice diskutovan\u00e9 t\u00e9ma je bezesporu z\u00e1kaz spalovac\u00edch motor\u016f. Norm\u00e1ln\u011b uva\u017euj\u00edc\u00edm lidem je jasn\u00e9 kam to povede &#8211; je\u0161t\u011b v\u011bt\u0161\u00ed zdra\u017een\u00ed aut, zav\u00edr\u00e1n\u00ed fabrik z d\u016fvodu poklesu tr\u017eeb a zv\u00fd\u0161en\u00ed nezam\u011bstnanosti. V\u0161e je nedomy\u0161len\u00e9 a je tak ot\u00e1zkou, kam se v\u0161ichni pod vlivem EU dostaneme.                                                                                                                                                                                                                                                                                                                                                                                        3.7\/5 - (10 votes)        "},{"@context":"https:\/\/schema.org\/","@type":"BreadcrumbList","itemListElement":[{"@type":"ListItem","position":1,"name":"Kam sm\u011b\u0159ujeme?","item":"https:\/\/www.abpd.cz\/kam-smerujeme\/#breadcrumbitem"}]}]