[{"@context":"https:\/\/schema.org\/","@type":"Article","@id":"https:\/\/www.abpd.cz\/teply-svetr\/#Article","mainEntityOfPage":"https:\/\/www.abpd.cz\/teply-svetr\/","headline":"Tepl\u00fd svetr","name":"Tepl\u00fd svetr","description":"Jsem hodn\u011b zam\u011b\u0159en\u00e1 na m\u00f3du. Bav\u00ed m\u011b modern\u00ed oble\u010den\u00ed a mysl\u00edm si, \u017ee asi nejsem jedin\u00e1, kdo se opravdu dost zaj\u00edm\u00e1 o m\u00f3du, stejn\u011b tak jako j\u00e1. A jako d\u00edt\u011b jsem v\u017edycky cht\u011bla b\u00fdt m\u00f3dn\u00ed n\u00e1vrh\u00e1\u0159ka nebo modelka, proto\u017ee pracovat... ","datePublished":"2023-01-27","dateModified":"2023-04-25","author":{"@type":"Person","@id":"https:\/\/www.abpd.cz\/author\/devene\/#Person","name":"devene","url":"https:\/\/www.abpd.cz\/author\/devene\/","identifier":1,"image":{"@type":"ImageObject","@id":"https:\/\/secure.gravatar.com\/avatar\/75822ebcb33f26a58f54da5d813b950f2ea435f36540e293975e215a51d4a023?s=96&d=mm&r=g","url":"https:\/\/secure.gravatar.com\/avatar\/75822ebcb33f26a58f54da5d813b950f2ea435f36540e293975e215a51d4a023?s=96&d=mm&r=g","height":96,"width":96}},"publisher":{"@type":"Organization","name":"abpd.cz","logo":{"@type":"ImageObject","@id":"\/logo.png","url":"\/logo.png","width":600,"height":60}},"image":{"@type":"ImageObject","@id":"https:\/\/www.abpd.cz\/wp-content\/uploads\/sweater-428616_960_720.jpg","url":"https:\/\/www.abpd.cz\/wp-content\/uploads\/sweater-428616_960_720.jpg","height":0,"width":0},"url":"https:\/\/www.abpd.cz\/teply-svetr\/","about":["N\u00e1kupy"],"wordCount":420,"articleBody":"          Jsem hodn\u011b zam\u011b\u0159en\u00e1 na m\u00f3du. Bav\u00ed m\u011b modern\u00ed oble\u010den\u00ed a mysl\u00edm si, \u017ee asi nejsem jedin\u00e1, kdo se opravdu dost zaj\u00edm\u00e1 o m\u00f3du, stejn\u011b tak jako j\u00e1. A jako d\u00edt\u011b jsem v\u017edycky cht\u011bla b\u00fdt m\u00f3dn\u00ed n\u00e1vrh\u00e1\u0159ka nebo modelka, proto\u017ee pracovat s m\u00f3du m\u011b opravdu moc bavilo. A bylo mi asi dvacet jedna let, kdy\u017e jsem pracovala v obchod\u011b, kde se prod\u00e1valy kabelky a dal\u0161\u00ed ko\u017een\u00e1 galanterie. Uzn\u00e1v\u00e1m, \u017ee m\u011b mrzelo, \u017ee do toho obchodu skoro nikdo nechodil. Sice ch\u00e1pu, \u017ee jsme tam m\u011bli opravdu vysok\u00e9 ceny, ale myslela jsem si, \u017ee alespo\u0148 dvacet lid\u00ed denn\u011b do tohoto obchodu p\u0159ijde. Bohu\u017eel se tak nestalo. Mohla jsem se t\u011b\u0161it, \u017ee do m\u00e9ho obchodu zav\u00edtali t\u0159eba dva anebo t\u0159i z\u00e1kazn\u00edci. A stejn\u011b si nikdy nic nekoupili. A opravdu hodn\u011b m\u011b to mrzelo. Ale nakonec jsem potom \u0161la prod\u00e1vat norm\u00e1ln\u011b do obchodu, proto\u017ee jsem se pot\u0159ebovala samoz\u0159ejm\u011b n\u011bjak u\u017eivit a nemohla jsem spol\u00e9hat na to, \u017ee prod\u00e1m n\u011bjakou drahou kabelku anebo drahou pen\u011b\u017eenku. Potom jsem tak\u00e9 pracovala pro r\u016fzn\u00e9 e-shopy. A osobn\u011b nejv\u00edce se mi l\u00edbil takov\u00fd e-shop, kde prod\u00e1vaj\u00ed velice kvalitn\u00ed svetry. M\u00e1m r\u00e1da kvalitn\u00ed hu\u0148at\u00e9 a vln\u011bn\u00e9 svetry Devolt, kter\u00e9 jsou velice kvalitn\u00ed.A tento svetr si obl\u00edbil hlavn\u011b m\u016fj p\u0159\u00edtel a m\u016fj otec, kte\u0159\u00ed bez svetru Devold https:\/\/www.c-store.cz\/DEVOLD-c132_0_1.htm nedaj\u00ed u\u017e ani r\u00e1nu. A oba dva \u0159\u00edkaj\u00ed, \u017ee kdy\u017e si \u010dlov\u011bk zvykne na kvalitu, \u017ee j\u00ed tak\u00e9 po\u017eaduje od oble\u010den\u00ed, a to hlavn\u011b od svetru, proto\u017ee m\u016fj bratr nem\u00e1 r\u00e1d tlust\u00e9 zimn\u00ed bundy. To sam\u00e9 \u0159ekl i m\u016fj p\u0159\u00edtel a otec. Tak\u017ee oni v\u0161ichni http:\/\/sport.tn.nova.cz\/clanek\/sexy-kulturistka-pri-pohledu-na-jeji-nohy-vas-spise-odradi-foto.html  t\u0159i sp\u00ed\u0161e dbaj\u00ed na to, aby si po\u0159\u00eddili kvalitn\u00ed tepl\u00e9 svetry Devolt, aby si nemuseli po\u0159izovat hu\u0148atou tlustou zimn\u00ed bundu. A jak jste na tom vy? Nos\u00edte rad\u011bji vrstven\u00e9 oble\u010den\u00ed nebo d\u00e1v\u00edte p\u0159ednost tak\u00e9 n\u011bjak\u00e9mu kvalitn\u00edmu kousku, jako t\u0159eba zm\u00edn\u011bn\u00fd svetr Devolt? J\u00e1 sama jsem si \u0159ekla, \u017ee ka\u017ed\u00fd \u010dlov\u011bk by m\u011bl doma m\u00edt tu svou hv\u011bzdu a m\u00edt n\u011bjakou luxusn\u00ed nebo hodn\u011b kvalitn\u00ed kousek.                                                                                                                                                                                                                                                                                                                                                                                           4\/5 - (12 votes)        "},{"@context":"https:\/\/schema.org\/","@type":"BreadcrumbList","itemListElement":[{"@type":"ListItem","position":1,"name":"Tepl\u00fd svetr","item":"https:\/\/www.abpd.cz\/teply-svetr\/#breadcrumbitem"}]}]